{"id":5245,"date":"2024-06-25T12:41:29","date_gmt":"2024-06-25T10:41:29","guid":{"rendered":"https:\/\/www.cgdeideas.com\/diseno-packaging-mywave\/"},"modified":"2025-10-10T11:11:39","modified_gmt":"2025-10-10T09:11:39","slug":"disseny-packaging-mywave","status":"publish","type":"post","link":"https:\/\/www.cgdeideas.com\/ca\/disseny-packaging-mywave\/","title":{"rendered":"Disseny packaging per a MyWave"},"content":{"rendered":"<div class=\"fusion-fullwidth fullwidth-box fusion-builder-row-1 fusion-flex-container has-pattern-background has-mask-background nonhundred-percent-fullwidth non-hundred-percent-height-scrolling\" style=\"--awb-border-radius-top-left:0px;--awb-border-radius-top-right:0px;--awb-border-radius-bottom-right:0px;--awb-border-radius-bottom-left:0px;--awb-padding-right:0px;--awb-padding-left:0px;--awb-flex-wrap:wrap;\" ><div class=\"fusion-builder-row fusion-row fusion-flex-align-items-flex-start fusion-flex-content-wrap\" style=\"max-width:1248px;margin-left: calc(-4% \/ 2 );margin-right: calc(-4% \/ 2 );\"><div class=\"fusion-layout-column fusion_builder_column fusion-builder-column-0 fusion_builder_column_1_1 1_1 fusion-flex-column\" style=\"--awb-padding-right:0px;--awb-padding-left:0px;--awb-bg-size:cover;--awb-width-large:100%;--awb-margin-top-large:0px;--awb-spacing-right-large:1.92%;--awb-margin-bottom-large:0px;--awb-spacing-left-large:1.92%;--awb-width-medium:100%;--awb-order-medium:0;--awb-spacing-right-medium:1.92%;--awb-spacing-left-medium:1.92%;--awb-width-small:100%;--awb-order-small:0;--awb-spacing-right-small:1.92%;--awb-spacing-left-small:1.92%;\" data-scroll-devices=\"small-visibility,medium-visibility,large-visibility\"><div class=\"fusion-column-wrapper fusion-column-has-shadow fusion-flex-justify-content-flex-start fusion-content-layout-column\"><div class=\"fusion-image-element \" style=\"--awb-caption-title-font-family:var(--h2_typography-font-family);--awb-caption-title-font-weight:var(--h2_typography-font-weight);--awb-caption-title-font-style:var(--h2_typography-font-style);--awb-caption-title-size:var(--h2_typography-font-size);--awb-caption-title-transform:var(--h2_typography-text-transform);--awb-caption-title-line-height:var(--h2_typography-line-height);--awb-caption-title-letter-spacing:var(--h2_typography-letter-spacing);\"><span class=\" fusion-imageframe imageframe-none imageframe-1 hover-type-none\"><img decoding=\"async\" width=\"1300\" height=\"770\" alt=\"Dise\u00f1o dorso pack moldeador de pelo MyWave\" title=\"White box\" src=\"https:\/\/www.cgdeideas.com\/wp-content\/uploads\/2024\/06\/pack-moldeador-pelo-dorso-mywave.jpg\" class=\"img-responsive wp-image-4236\" srcset=\"https:\/\/www.cgdeideas.com\/wp-content\/uploads\/2024\/06\/pack-moldeador-pelo-dorso-mywave-200x118.jpg 200w, https:\/\/www.cgdeideas.com\/wp-content\/uploads\/2024\/06\/pack-moldeador-pelo-dorso-mywave-400x237.jpg 400w, https:\/\/www.cgdeideas.com\/wp-content\/uploads\/2024\/06\/pack-moldeador-pelo-dorso-mywave-600x355.jpg 600w, https:\/\/www.cgdeideas.com\/wp-content\/uploads\/2024\/06\/pack-moldeador-pelo-dorso-mywave-800x474.jpg 800w, https:\/\/www.cgdeideas.com\/wp-content\/uploads\/2024\/06\/pack-moldeador-pelo-dorso-mywave-1200x711.jpg 1200w, https:\/\/www.cgdeideas.com\/wp-content\/uploads\/2024\/06\/pack-moldeador-pelo-dorso-mywave.jpg 1300w\" sizes=\"(max-width: 640px) 100vw, 1200px\" \/><\/span><\/div><div class=\"fusion-image-element \" style=\"--awb-caption-title-font-family:var(--h2_typography-font-family);--awb-caption-title-font-weight:var(--h2_typography-font-weight);--awb-caption-title-font-style:var(--h2_typography-font-style);--awb-caption-title-size:var(--h2_typography-font-size);--awb-caption-title-transform:var(--h2_typography-text-transform);--awb-caption-title-line-height:var(--h2_typography-line-height);--awb-caption-title-letter-spacing:var(--h2_typography-letter-spacing);\"><span class=\" fusion-imageframe imageframe-none imageframe-2 hover-type-none\"><img decoding=\"async\" width=\"1300\" height=\"770\" alt=\"Dise\u00f1o pack moldeador de pelo MyWave\" title=\"pack-moldeador-pelo-mywave\" src=\"https:\/\/www.cgdeideas.com\/wp-content\/uploads\/2024\/06\/pack-moldeador-pelo-mywave.jpg\" class=\"img-responsive wp-image-4239\" srcset=\"https:\/\/www.cgdeideas.com\/wp-content\/uploads\/2024\/06\/pack-moldeador-pelo-mywave-200x118.jpg 200w, https:\/\/www.cgdeideas.com\/wp-content\/uploads\/2024\/06\/pack-moldeador-pelo-mywave-400x237.jpg 400w, https:\/\/www.cgdeideas.com\/wp-content\/uploads\/2024\/06\/pack-moldeador-pelo-mywave-600x355.jpg 600w, https:\/\/www.cgdeideas.com\/wp-content\/uploads\/2024\/06\/pack-moldeador-pelo-mywave-800x474.jpg 800w, https:\/\/www.cgdeideas.com\/wp-content\/uploads\/2024\/06\/pack-moldeador-pelo-mywave-1200x711.jpg 1200w, https:\/\/www.cgdeideas.com\/wp-content\/uploads\/2024\/06\/pack-moldeador-pelo-mywave.jpg 1300w\" sizes=\"(max-width: 640px) 100vw, 1200px\" \/><\/span><\/div><div class=\"fusion-image-element \" style=\"--awb-caption-title-font-family:var(--h2_typography-font-family);--awb-caption-title-font-weight:var(--h2_typography-font-weight);--awb-caption-title-font-style:var(--h2_typography-font-style);--awb-caption-title-size:var(--h2_typography-font-size);--awb-caption-title-transform:var(--h2_typography-text-transform);--awb-caption-title-line-height:var(--h2_typography-line-height);--awb-caption-title-letter-spacing:var(--h2_typography-letter-spacing);\"><span class=\" fusion-imageframe imageframe-none imageframe-3 hover-type-none\"><img decoding=\"async\" width=\"1300\" height=\"770\" alt=\"Dise\u00f1o desplegado del pack moldeador de pelo MyWave\" title=\"White box\" src=\"https:\/\/www.cgdeideas.com\/wp-content\/uploads\/2024\/06\/pack-moldeador-pelo-diseno-mywave.jpg\" class=\"img-responsive wp-image-4242\" srcset=\"https:\/\/www.cgdeideas.com\/wp-content\/uploads\/2024\/06\/pack-moldeador-pelo-diseno-mywave-200x118.jpg 200w, https:\/\/www.cgdeideas.com\/wp-content\/uploads\/2024\/06\/pack-moldeador-pelo-diseno-mywave-400x237.jpg 400w, https:\/\/www.cgdeideas.com\/wp-content\/uploads\/2024\/06\/pack-moldeador-pelo-diseno-mywave-600x355.jpg 600w, https:\/\/www.cgdeideas.com\/wp-content\/uploads\/2024\/06\/pack-moldeador-pelo-diseno-mywave-800x474.jpg 800w, https:\/\/www.cgdeideas.com\/wp-content\/uploads\/2024\/06\/pack-moldeador-pelo-diseno-mywave-1200x711.jpg 1200w, https:\/\/www.cgdeideas.com\/wp-content\/uploads\/2024\/06\/pack-moldeador-pelo-diseno-mywave.jpg 1300w\" sizes=\"(max-width: 640px) 100vw, 1200px\" \/><\/span><\/div><div class=\"fusion-image-element \" style=\"--awb-caption-title-font-family:var(--h2_typography-font-family);--awb-caption-title-font-weight:var(--h2_typography-font-weight);--awb-caption-title-font-style:var(--h2_typography-font-style);--awb-caption-title-size:var(--h2_typography-font-size);--awb-caption-title-transform:var(--h2_typography-text-transform);--awb-caption-title-line-height:var(--h2_typography-line-height);--awb-caption-title-letter-spacing:var(--h2_typography-letter-spacing);\"><span class=\" fusion-imageframe imageframe-none imageframe-4 hover-type-none\"><img decoding=\"async\" width=\"1300\" height=\"770\" alt=\"Dise\u00f1o pack cafetera para MyWave\" title=\"pack-cafetera-mywave\" src=\"https:\/\/www.cgdeideas.com\/wp-content\/uploads\/2024\/06\/pack-cafetera-mywave.jpg\" class=\"img-responsive wp-image-4245\" srcset=\"https:\/\/www.cgdeideas.com\/wp-content\/uploads\/2024\/06\/pack-cafetera-mywave-200x118.jpg 200w, https:\/\/www.cgdeideas.com\/wp-content\/uploads\/2024\/06\/pack-cafetera-mywave-400x237.jpg 400w, https:\/\/www.cgdeideas.com\/wp-content\/uploads\/2024\/06\/pack-cafetera-mywave-600x355.jpg 600w, https:\/\/www.cgdeideas.com\/wp-content\/uploads\/2024\/06\/pack-cafetera-mywave-800x474.jpg 800w, https:\/\/www.cgdeideas.com\/wp-content\/uploads\/2024\/06\/pack-cafetera-mywave-1200x711.jpg 1200w, https:\/\/www.cgdeideas.com\/wp-content\/uploads\/2024\/06\/pack-cafetera-mywave.jpg 1300w\" sizes=\"(max-width: 640px) 100vw, 1200px\" \/><\/span><\/div><div class=\"fusion-image-element \" style=\"--awb-caption-title-font-family:var(--h2_typography-font-family);--awb-caption-title-font-weight:var(--h2_typography-font-weight);--awb-caption-title-font-style:var(--h2_typography-font-style);--awb-caption-title-size:var(--h2_typography-font-size);--awb-caption-title-transform:var(--h2_typography-text-transform);--awb-caption-title-line-height:var(--h2_typography-line-height);--awb-caption-title-letter-spacing:var(--h2_typography-letter-spacing);\"><span class=\" fusion-imageframe imageframe-none imageframe-5 hover-type-none\"><img decoding=\"async\" width=\"1300\" height=\"770\" alt=\"Vista tapa del dise\u00f1o pack cafetera para MyWave\" title=\"pack-cafetera-tapa-mywave\" src=\"https:\/\/www.cgdeideas.com\/wp-content\/uploads\/2024\/06\/pack-cafetera-tapa-mywave.jpg\" class=\"img-responsive wp-image-4248\" srcset=\"https:\/\/www.cgdeideas.com\/wp-content\/uploads\/2024\/06\/pack-cafetera-tapa-mywave-200x118.jpg 200w, https:\/\/www.cgdeideas.com\/wp-content\/uploads\/2024\/06\/pack-cafetera-tapa-mywave-400x237.jpg 400w, https:\/\/www.cgdeideas.com\/wp-content\/uploads\/2024\/06\/pack-cafetera-tapa-mywave-600x355.jpg 600w, https:\/\/www.cgdeideas.com\/wp-content\/uploads\/2024\/06\/pack-cafetera-tapa-mywave-800x474.jpg 800w, https:\/\/www.cgdeideas.com\/wp-content\/uploads\/2024\/06\/pack-cafetera-tapa-mywave-1200x711.jpg 1200w, https:\/\/www.cgdeideas.com\/wp-content\/uploads\/2024\/06\/pack-cafetera-tapa-mywave.jpg 1300w\" sizes=\"(max-width: 640px) 100vw, 1200px\" \/><\/span><\/div><div class=\"fusion-image-element \" style=\"--awb-caption-title-font-family:var(--h2_typography-font-family);--awb-caption-title-font-weight:var(--h2_typography-font-weight);--awb-caption-title-font-style:var(--h2_typography-font-style);--awb-caption-title-size:var(--h2_typography-font-size);--awb-caption-title-transform:var(--h2_typography-text-transform);--awb-caption-title-line-height:var(--h2_typography-line-height);--awb-caption-title-letter-spacing:var(--h2_typography-letter-spacing);\"><span class=\" fusion-imageframe imageframe-none imageframe-6 hover-type-none\"><img decoding=\"async\" width=\"1300\" height=\"770\" alt=\"Dise\u00f1o del pack de la cafetera espresso de MyWave\" title=\"pack-cafetera-diseno-mywave\" src=\"https:\/\/www.cgdeideas.com\/wp-content\/uploads\/2024\/06\/pack-cafetera-diseno-mywave.jpg\" class=\"img-responsive wp-image-4251\" srcset=\"https:\/\/www.cgdeideas.com\/wp-content\/uploads\/2024\/06\/pack-cafetera-diseno-mywave-200x118.jpg 200w, https:\/\/www.cgdeideas.com\/wp-content\/uploads\/2024\/06\/pack-cafetera-diseno-mywave-400x237.jpg 400w, https:\/\/www.cgdeideas.com\/wp-content\/uploads\/2024\/06\/pack-cafetera-diseno-mywave-600x355.jpg 600w, https:\/\/www.cgdeideas.com\/wp-content\/uploads\/2024\/06\/pack-cafetera-diseno-mywave-800x474.jpg 800w, https:\/\/www.cgdeideas.com\/wp-content\/uploads\/2024\/06\/pack-cafetera-diseno-mywave-1200x711.jpg 1200w, https:\/\/www.cgdeideas.com\/wp-content\/uploads\/2024\/06\/pack-cafetera-diseno-mywave.jpg 1300w\" sizes=\"(max-width: 640px) 100vw, 1200px\" \/><\/span><\/div><\/div><\/div><\/div><\/div>\n","protected":false},"excerpt":{"rendered":"<p>Procuradores Barcelona y Madrid<\/p>\n","protected":false},"author":1,"featured_media":4657,"comment_status":"closed","ping_status":"closed","sticky":false,"template":"","format":"standard","meta":{"footnotes":""},"categories":[59],"tags":[],"class_list":["post-5245","post","type-post","status-publish","format-standard","has-post-thumbnail","hentry","category-diseno-grafico-ca"],"yoast_head":"<!-- This site is optimized with the Yoast SEO plugin v27.4 - https:\/\/yoast.com\/product\/yoast-seo-wordpress\/ -->\n<title>Disseny packaging para MyWave | Compa\u00f1\u00eda General Ideas<\/title>\n<meta name=\"description\" content=\"Descobreix el nostre nou disseny dels packs per a MyWave, m\u00e9s de 10 anys oferint un servei de qualitat per a petit electrodom\u00e8stic\" \/>\n<meta name=\"robots\" content=\"index, follow, max-snippet:-1, max-image-preview:large, max-video-preview:-1\" \/>\n<link rel=\"canonical\" href=\"https:\/\/www.cgdeideas.com\/ca\/disseny-packaging-mywave\/\" \/>\n<meta property=\"og:locale\" content=\"ca_ES\" \/>\n<meta property=\"og:type\" content=\"article\" \/>\n<meta property=\"og:title\" content=\"Disseny packaging para MyWave | Compa\u00f1\u00eda General Ideas\" \/>\n<meta property=\"og:description\" content=\"Descobreix el nostre nou disseny dels packs per a MyWave, m\u00e9s de 10 anys oferint un servei de qualitat per a petit electrodom\u00e8stic\" \/>\n<meta property=\"og:url\" content=\"https:\/\/www.cgdeideas.com\/ca\/disseny-packaging-mywave\/\" \/>\n<meta property=\"og:site_name\" content=\"Compa\u00f1\u00eda General de Ideas\" \/>\n<meta property=\"article:published_time\" content=\"2024-06-25T10:41:29+00:00\" \/>\n<meta property=\"article:modified_time\" content=\"2025-10-10T09:11:39+00:00\" \/>\n<meta property=\"og:image\" content=\"https:\/\/www.cgdeideas.com\/wp-content\/uploads\/2024\/06\/pack-moldeador-mywave.jpg\" \/>\n\t<meta property=\"og:image:width\" content=\"1300\" \/>\n\t<meta property=\"og:image:height\" content=\"739\" \/>\n\t<meta property=\"og:image:type\" content=\"image\/jpeg\" \/>\n<meta name=\"author\" content=\"cgdeideas\" \/>\n<script type=\"application\/ld+json\" class=\"yoast-schema-graph\">{\"@context\":\"https:\\\/\\\/schema.org\",\"@graph\":[{\"@type\":\"Article\",\"@id\":\"https:\\\/\\\/www.cgdeideas.com\\\/ca\\\/disseny-packaging-mywave\\\/#article\",\"isPartOf\":{\"@id\":\"https:\\\/\\\/www.cgdeideas.com\\\/ca\\\/disseny-packaging-mywave\\\/\"},\"author\":{\"name\":\"cgdeideas\",\"@id\":\"https:\\\/\\\/www.cgdeideas.com\\\/ca\\\/#\\\/schema\\\/person\\\/e3aa612a95aded6ac4e2dec13b10ffea\"},\"headline\":\"Disseny packaging per a MyWave\",\"datePublished\":\"2024-06-25T10:41:29+00:00\",\"dateModified\":\"2025-10-10T09:11:39+00:00\",\"mainEntityOfPage\":{\"@id\":\"https:\\\/\\\/www.cgdeideas.com\\\/ca\\\/disseny-packaging-mywave\\\/\"},\"wordCount\":2808,\"publisher\":{\"@id\":\"https:\\\/\\\/www.cgdeideas.com\\\/ca\\\/#organization\"},\"image\":{\"@id\":\"https:\\\/\\\/www.cgdeideas.com\\\/ca\\\/disseny-packaging-mywave\\\/#primaryimage\"},\"thumbnailUrl\":\"https:\\\/\\\/www.cgdeideas.com\\\/wp-content\\\/uploads\\\/2024\\\/06\\\/pack-moldeador-mywave.jpg\",\"articleSection\":[\"Disseny gr\u00e0fic\"],\"inLanguage\":\"ca\"},{\"@type\":\"WebPage\",\"@id\":\"https:\\\/\\\/www.cgdeideas.com\\\/ca\\\/disseny-packaging-mywave\\\/\",\"url\":\"https:\\\/\\\/www.cgdeideas.com\\\/ca\\\/disseny-packaging-mywave\\\/\",\"name\":\"Disseny packaging para MyWave | Compa\u00f1\u00eda General Ideas\",\"isPartOf\":{\"@id\":\"https:\\\/\\\/www.cgdeideas.com\\\/ca\\\/#website\"},\"primaryImageOfPage\":{\"@id\":\"https:\\\/\\\/www.cgdeideas.com\\\/ca\\\/disseny-packaging-mywave\\\/#primaryimage\"},\"image\":{\"@id\":\"https:\\\/\\\/www.cgdeideas.com\\\/ca\\\/disseny-packaging-mywave\\\/#primaryimage\"},\"thumbnailUrl\":\"https:\\\/\\\/www.cgdeideas.com\\\/wp-content\\\/uploads\\\/2024\\\/06\\\/pack-moldeador-mywave.jpg\",\"datePublished\":\"2024-06-25T10:41:29+00:00\",\"dateModified\":\"2025-10-10T09:11:39+00:00\",\"description\":\"Descobreix el nostre nou disseny dels packs per a MyWave, m\u00e9s de 10 anys oferint un servei de qualitat per a petit electrodom\u00e8stic\",\"breadcrumb\":{\"@id\":\"https:\\\/\\\/www.cgdeideas.com\\\/ca\\\/disseny-packaging-mywave\\\/#breadcrumb\"},\"inLanguage\":\"ca\",\"potentialAction\":[{\"@type\":\"ReadAction\",\"target\":[\"https:\\\/\\\/www.cgdeideas.com\\\/ca\\\/disseny-packaging-mywave\\\/\"]}]},{\"@type\":\"ImageObject\",\"inLanguage\":\"ca\",\"@id\":\"https:\\\/\\\/www.cgdeideas.com\\\/ca\\\/disseny-packaging-mywave\\\/#primaryimage\",\"url\":\"https:\\\/\\\/www.cgdeideas.com\\\/wp-content\\\/uploads\\\/2024\\\/06\\\/pack-moldeador-mywave.jpg\",\"contentUrl\":\"https:\\\/\\\/www.cgdeideas.com\\\/wp-content\\\/uploads\\\/2024\\\/06\\\/pack-moldeador-mywave.jpg\",\"width\":1300,\"height\":739,\"caption\":\"Dise\u00f1o abierto del pack moldeador de pelo MyWave\"},{\"@type\":\"BreadcrumbList\",\"@id\":\"https:\\\/\\\/www.cgdeideas.com\\\/ca\\\/disseny-packaging-mywave\\\/#breadcrumb\",\"itemListElement\":[{\"@type\":\"ListItem\",\"position\":1,\"name\":\"Portada\",\"item\":\"https:\\\/\\\/www.cgdeideas.com\\\/ca\\\/\"},{\"@type\":\"ListItem\",\"position\":2,\"name\":\"Disseny packaging per a MyWave\"}]},{\"@type\":\"WebSite\",\"@id\":\"https:\\\/\\\/www.cgdeideas.com\\\/ca\\\/#website\",\"url\":\"https:\\\/\\\/www.cgdeideas.com\\\/ca\\\/\",\"name\":\"Compa\u00f1\u00eda General de Ideas Barcelona\",\"description\":\"Ag\u00e8ncia de disseny web i m\u00e0rqueting digital\",\"publisher\":{\"@id\":\"https:\\\/\\\/www.cgdeideas.com\\\/ca\\\/#organization\"},\"potentialAction\":[{\"@type\":\"SearchAction\",\"target\":{\"@type\":\"EntryPoint\",\"urlTemplate\":\"https:\\\/\\\/www.cgdeideas.com\\\/ca\\\/?s={search_term_string}\"},\"query-input\":{\"@type\":\"PropertyValueSpecification\",\"valueRequired\":true,\"valueName\":\"search_term_string\"}}],\"inLanguage\":\"ca\"},{\"@type\":\"Organization\",\"@id\":\"https:\\\/\\\/www.cgdeideas.com\\\/ca\\\/#organization\",\"name\":\"Compa\u00f1\u00eda General de Ideas\",\"url\":\"https:\\\/\\\/www.cgdeideas.com\\\/ca\\\/\",\"logo\":{\"@type\":\"ImageObject\",\"inLanguage\":\"ca\",\"@id\":\"https:\\\/\\\/www.cgdeideas.com\\\/ca\\\/#\\\/schema\\\/logo\\\/image\\\/\",\"url\":\"https:\\\/\\\/www.cgdeideas.com\\\/wp-content\\\/uploads\\\/2022\\\/06\\\/logo-cgi.png\",\"contentUrl\":\"https:\\\/\\\/www.cgdeideas.com\\\/wp-content\\\/uploads\\\/2022\\\/06\\\/logo-cgi.png\",\"width\":359,\"height\":76,\"caption\":\"Compa\u00f1\u00eda General de Ideas\"},\"image\":{\"@id\":\"https:\\\/\\\/www.cgdeideas.com\\\/ca\\\/#\\\/schema\\\/logo\\\/image\\\/\"}},{\"@type\":\"Person\",\"@id\":\"https:\\\/\\\/www.cgdeideas.com\\\/ca\\\/#\\\/schema\\\/person\\\/e3aa612a95aded6ac4e2dec13b10ffea\",\"name\":\"cgdeideas\",\"image\":{\"@type\":\"ImageObject\",\"inLanguage\":\"ca\",\"@id\":\"https:\\\/\\\/secure.gravatar.com\\\/avatar\\\/14c61e90496083b59f28b653237420ce23048d5eda8989cf6734aadfa0787df0?s=96&d=mm&r=g\",\"url\":\"https:\\\/\\\/secure.gravatar.com\\\/avatar\\\/14c61e90496083b59f28b653237420ce23048d5eda8989cf6734aadfa0787df0?s=96&d=mm&r=g\",\"contentUrl\":\"https:\\\/\\\/secure.gravatar.com\\\/avatar\\\/14c61e90496083b59f28b653237420ce23048d5eda8989cf6734aadfa0787df0?s=96&d=mm&r=g\",\"caption\":\"cgdeideas\"},\"sameAs\":[\"https:\\\/\\\/www.cgdeideas.com\"],\"url\":\"https:\\\/\\\/www.cgdeideas.com\\\/ca\\\/author\\\/cgdeideas\\\/\"}]}<\/script>\n<!-- \/ Yoast SEO plugin. -->","yoast_head_json":{"title":"Disseny packaging para MyWave | Compa\u00f1\u00eda General Ideas","description":"Descobreix el nostre nou disseny dels packs per a MyWave, m\u00e9s de 10 anys oferint un servei de qualitat per a petit electrodom\u00e8stic","robots":{"index":"index","follow":"follow","max-snippet":"max-snippet:-1","max-image-preview":"max-image-preview:large","max-video-preview":"max-video-preview:-1"},"canonical":"https:\/\/www.cgdeideas.com\/ca\/disseny-packaging-mywave\/","og_locale":"ca_ES","og_type":"article","og_title":"Disseny packaging para MyWave | Compa\u00f1\u00eda General Ideas","og_description":"Descobreix el nostre nou disseny dels packs per a MyWave, m\u00e9s de 10 anys oferint un servei de qualitat per a petit electrodom\u00e8stic","og_url":"https:\/\/www.cgdeideas.com\/ca\/disseny-packaging-mywave\/","og_site_name":"Compa\u00f1\u00eda General de Ideas","article_published_time":"2024-06-25T10:41:29+00:00","article_modified_time":"2025-10-10T09:11:39+00:00","og_image":[{"width":1300,"height":739,"url":"https:\/\/www.cgdeideas.com\/wp-content\/uploads\/2024\/06\/pack-moldeador-mywave.jpg","type":"image\/jpeg"}],"author":"cgdeideas","schema":{"@context":"https:\/\/schema.org","@graph":[{"@type":"Article","@id":"https:\/\/www.cgdeideas.com\/ca\/disseny-packaging-mywave\/#article","isPartOf":{"@id":"https:\/\/www.cgdeideas.com\/ca\/disseny-packaging-mywave\/"},"author":{"name":"cgdeideas","@id":"https:\/\/www.cgdeideas.com\/ca\/#\/schema\/person\/e3aa612a95aded6ac4e2dec13b10ffea"},"headline":"Disseny packaging per a MyWave","datePublished":"2024-06-25T10:41:29+00:00","dateModified":"2025-10-10T09:11:39+00:00","mainEntityOfPage":{"@id":"https:\/\/www.cgdeideas.com\/ca\/disseny-packaging-mywave\/"},"wordCount":2808,"publisher":{"@id":"https:\/\/www.cgdeideas.com\/ca\/#organization"},"image":{"@id":"https:\/\/www.cgdeideas.com\/ca\/disseny-packaging-mywave\/#primaryimage"},"thumbnailUrl":"https:\/\/www.cgdeideas.com\/wp-content\/uploads\/2024\/06\/pack-moldeador-mywave.jpg","articleSection":["Disseny gr\u00e0fic"],"inLanguage":"ca"},{"@type":"WebPage","@id":"https:\/\/www.cgdeideas.com\/ca\/disseny-packaging-mywave\/","url":"https:\/\/www.cgdeideas.com\/ca\/disseny-packaging-mywave\/","name":"Disseny packaging para MyWave | Compa\u00f1\u00eda General Ideas","isPartOf":{"@id":"https:\/\/www.cgdeideas.com\/ca\/#website"},"primaryImageOfPage":{"@id":"https:\/\/www.cgdeideas.com\/ca\/disseny-packaging-mywave\/#primaryimage"},"image":{"@id":"https:\/\/www.cgdeideas.com\/ca\/disseny-packaging-mywave\/#primaryimage"},"thumbnailUrl":"https:\/\/www.cgdeideas.com\/wp-content\/uploads\/2024\/06\/pack-moldeador-mywave.jpg","datePublished":"2024-06-25T10:41:29+00:00","dateModified":"2025-10-10T09:11:39+00:00","description":"Descobreix el nostre nou disseny dels packs per a MyWave, m\u00e9s de 10 anys oferint un servei de qualitat per a petit electrodom\u00e8stic","breadcrumb":{"@id":"https:\/\/www.cgdeideas.com\/ca\/disseny-packaging-mywave\/#breadcrumb"},"inLanguage":"ca","potentialAction":[{"@type":"ReadAction","target":["https:\/\/www.cgdeideas.com\/ca\/disseny-packaging-mywave\/"]}]},{"@type":"ImageObject","inLanguage":"ca","@id":"https:\/\/www.cgdeideas.com\/ca\/disseny-packaging-mywave\/#primaryimage","url":"https:\/\/www.cgdeideas.com\/wp-content\/uploads\/2024\/06\/pack-moldeador-mywave.jpg","contentUrl":"https:\/\/www.cgdeideas.com\/wp-content\/uploads\/2024\/06\/pack-moldeador-mywave.jpg","width":1300,"height":739,"caption":"Dise\u00f1o abierto del pack moldeador de pelo MyWave"},{"@type":"BreadcrumbList","@id":"https:\/\/www.cgdeideas.com\/ca\/disseny-packaging-mywave\/#breadcrumb","itemListElement":[{"@type":"ListItem","position":1,"name":"Portada","item":"https:\/\/www.cgdeideas.com\/ca\/"},{"@type":"ListItem","position":2,"name":"Disseny packaging per a MyWave"}]},{"@type":"WebSite","@id":"https:\/\/www.cgdeideas.com\/ca\/#website","url":"https:\/\/www.cgdeideas.com\/ca\/","name":"Compa\u00f1\u00eda General de Ideas Barcelona","description":"Ag\u00e8ncia de disseny web i m\u00e0rqueting digital","publisher":{"@id":"https:\/\/www.cgdeideas.com\/ca\/#organization"},"potentialAction":[{"@type":"SearchAction","target":{"@type":"EntryPoint","urlTemplate":"https:\/\/www.cgdeideas.com\/ca\/?s={search_term_string}"},"query-input":{"@type":"PropertyValueSpecification","valueRequired":true,"valueName":"search_term_string"}}],"inLanguage":"ca"},{"@type":"Organization","@id":"https:\/\/www.cgdeideas.com\/ca\/#organization","name":"Compa\u00f1\u00eda General de Ideas","url":"https:\/\/www.cgdeideas.com\/ca\/","logo":{"@type":"ImageObject","inLanguage":"ca","@id":"https:\/\/www.cgdeideas.com\/ca\/#\/schema\/logo\/image\/","url":"https:\/\/www.cgdeideas.com\/wp-content\/uploads\/2022\/06\/logo-cgi.png","contentUrl":"https:\/\/www.cgdeideas.com\/wp-content\/uploads\/2022\/06\/logo-cgi.png","width":359,"height":76,"caption":"Compa\u00f1\u00eda General de Ideas"},"image":{"@id":"https:\/\/www.cgdeideas.com\/ca\/#\/schema\/logo\/image\/"}},{"@type":"Person","@id":"https:\/\/www.cgdeideas.com\/ca\/#\/schema\/person\/e3aa612a95aded6ac4e2dec13b10ffea","name":"cgdeideas","image":{"@type":"ImageObject","inLanguage":"ca","@id":"https:\/\/secure.gravatar.com\/avatar\/14c61e90496083b59f28b653237420ce23048d5eda8989cf6734aadfa0787df0?s=96&d=mm&r=g","url":"https:\/\/secure.gravatar.com\/avatar\/14c61e90496083b59f28b653237420ce23048d5eda8989cf6734aadfa0787df0?s=96&d=mm&r=g","contentUrl":"https:\/\/secure.gravatar.com\/avatar\/14c61e90496083b59f28b653237420ce23048d5eda8989cf6734aadfa0787df0?s=96&d=mm&r=g","caption":"cgdeideas"},"sameAs":["https:\/\/www.cgdeideas.com"],"url":"https:\/\/www.cgdeideas.com\/ca\/author\/cgdeideas\/"}]}},"_links":{"self":[{"href":"https:\/\/www.cgdeideas.com\/ca\/wp-json\/wp\/v2\/posts\/5245","targetHints":{"allow":["GET"]}}],"collection":[{"href":"https:\/\/www.cgdeideas.com\/ca\/wp-json\/wp\/v2\/posts"}],"about":[{"href":"https:\/\/www.cgdeideas.com\/ca\/wp-json\/wp\/v2\/types\/post"}],"author":[{"embeddable":true,"href":"https:\/\/www.cgdeideas.com\/ca\/wp-json\/wp\/v2\/users\/1"}],"replies":[{"embeddable":true,"href":"https:\/\/www.cgdeideas.com\/ca\/wp-json\/wp\/v2\/comments?post=5245"}],"version-history":[{"count":5,"href":"https:\/\/www.cgdeideas.com\/ca\/wp-json\/wp\/v2\/posts\/5245\/revisions"}],"predecessor-version":[{"id":17470,"href":"https:\/\/www.cgdeideas.com\/ca\/wp-json\/wp\/v2\/posts\/5245\/revisions\/17470"}],"wp:featuredmedia":[{"embeddable":true,"href":"https:\/\/www.cgdeideas.com\/ca\/wp-json\/wp\/v2\/media\/4657"}],"wp:attachment":[{"href":"https:\/\/www.cgdeideas.com\/ca\/wp-json\/wp\/v2\/media?parent=5245"}],"wp:term":[{"taxonomy":"category","embeddable":true,"href":"https:\/\/www.cgdeideas.com\/ca\/wp-json\/wp\/v2\/categories?post=5245"},{"taxonomy":"post_tag","embeddable":true,"href":"https:\/\/www.cgdeideas.com\/ca\/wp-json\/wp\/v2\/tags?post=5245"}],"curies":[{"name":"wp","href":"https:\/\/api.w.org\/{rel}","templated":true}]}}